{"id":601,"date":"2026-02-20T19:10:42","date_gmt":"2026-02-20T19:10:42","guid":{"rendered":"https:\/\/gobiernoescolar.colegiolossamanes.edu.co\/?p=601"},"modified":"2026-02-20T19:10:43","modified_gmt":"2026-02-20T19:10:43","slug":"comite-ambiental","status":"publish","type":"post","link":"https:\/\/gobiernoescolar.colegiolossamanes.edu.co\/index.php\/2026\/02\/20\/comite-ambiental\/","title":{"rendered":"COMIT\u00c9 AMBIENTAL"},"content":{"rendered":"\n<p>Los comit\u00e9s son espacios de participaci\u00f3n activa y corresponsabilidad, donde los estudiantes pueden ejercer su derecho a la organizaci\u00f3n y representaci\u00f3n, canalizando sus propuestas, necesidades e inquietudes en beneficio de la comunidad educativa. A trav\u00e9s de estos espacios, se promueve el liderazgo, el trabajo en equipo, el pensamiento cr\u00edtico y el compromiso ciudadano. <\/p>\n\n\n\n<ol><li><strong>Coordinaci\u00f3n de el comit\u00e9<\/strong>:<\/li><\/ol>\n\n\n\n<ul><li>El\u00a0<strong>coordinador<\/strong>\u00a0de este comit\u00e9, por derecho propio, ser\u00e1 el\u00a0<strong>representante ambiental  general que haya sido escogido en reuni\u00f3n general por los dem\u00e1s defensores ambientales electos para 2026<\/strong>.<\/li><li>El\u00a0<strong>subcoordinador<\/strong>, por derecho propio, ser\u00e1 un miembro de el consejo estudiantil.<\/li><\/ul>\n\n\n\n<p>2.\u00a0<strong>Funciones del Comit\u00e9<\/strong>: <\/p>\n\n\n\n<p>2.1 <strong>Campa\u00f1as de reciclaje y reducci\u00f3n de residuos:<\/strong> Implementar y gestionar programas de reciclaje, as\u00ed como campa\u00f1as para reducir el uso de pl\u00e1sticos y fomentar el uso de materiales reutilizables.<\/p>\n\n\n\n<p>2.2  <strong>Jornadas de limpieza y conservaci\u00f3n: <\/strong>Organizar jornadas de limpieza en \u00e1reas verdes, tanto dentro como fuera de la instituci\u00f3n, y colaborar en actividades de restauraci\u00f3n de espacios naturales.<\/p>\n\n\n\n<p>2.3<strong> Educaci\u00f3n y sensibilizaci\u00f3n ambiental: <\/strong>Realizar talleres, charlas, y conferencias sobre temas como cambio clim\u00e1tico, biodiversidad, y sostenibilidad para sensibilizar a la comunidad educativa. <\/p>\n\n\n\n<p>2. 4.<strong> Proyectos de huertos y jardines escolares: <\/strong>Crear y mantener huertos o jardines que sirvan como espacios de aprendizaje para los estudiantes sobre la importancia de la agricultura sostenible y el cuidado de la flora.<\/p>\n\n\n\n<p>2. 5. <strong>Eventos de concientizaci\u00f3n ambiental:<\/strong> Celebrar d\u00edas conmemorativos como el D\u00eda de la Tierra y el D\u00eda del Agua, organizando actividades especiales que promuevan el respeto y cuidado por el medio ambiente .Estas actividades permiten integrar a los estudiantes en iniciativas ambientales, brind\u00e1ndoles la oportunidad de actuar y reflexionar sobre la importancia de la sostenibilidad en su vida diaria y en la comunidad. <\/p>\n\n\n\n<p><em>El comit\u00e9 est\u00e1 compuesto por los siguientes estudiantes:<\/em> <\/p>\n\n\n\n<figure class=\"wp-block-table is-style-stripes\"><table><tbody><tr><td class=\"has-text-align-center\" data-align=\"center\"><strong>Cargo<\/strong><\/td><td>              <strong>Nombre del Estudiante<\/strong><\/td><\/tr><tr><td class=\"has-text-align-center\" data-align=\"center\"><strong>Coordinador(a)<\/strong><\/td><td><\/td><\/tr><tr><td class=\"has-text-align-center\" data-align=\"center\"><strong>Subcoordinador(a)<\/strong><\/td><td><\/td><\/tr><tr><td class=\"has-text-align-center\" data-align=\"center\"><strong>Miembro<\/strong><\/td><td><\/td><\/tr><tr><td class=\"has-text-align-center\" data-align=\"center\"><strong>Miembro<\/strong><\/td><td><\/td><\/tr><tr><td class=\"has-text-align-center\" data-align=\"center\"><strong>Miembro<\/strong><\/td><td><\/td><\/tr><\/tbody><\/table><\/figure>\n\n\n\n<p><\/p>\n","protected":false},"excerpt":{"rendered":"<p>Los comit\u00e9s son espacios de participaci\u00f3n activa y corresponsabilidad, donde los estudiantes pueden ejercer su derecho a la organizaci\u00f3n y representaci\u00f3n, canalizando sus propuestas, necesidades e inquietudes en beneficio de la comunidad educativa. A trav\u00e9s de estos espacios, se promueve el liderazgo, el trabajo en equipo, el pensamiento cr\u00edtico y el compromiso ciudadano. Coordinaci\u00f3n de&#8230;<\/p>\n","protected":false},"author":5,"featured_media":0,"comment_status":"open","ping_status":"open","sticky":false,"template":"","format":"standard","meta":{"_kad_post_transparent":"","_kad_post_title":"","_kad_post_layout":"","_kad_post_sidebar_id":"","_kad_post_content_style":"","_kad_post_vertical_padding":"","_kad_post_feature":"","_kad_post_feature_position":"","_kad_post_header":false,"_kad_post_footer":false},"categories":[1],"tags":[],"_links":{"self":[{"href":"https:\/\/gobiernoescolar.colegiolossamanes.edu.co\/index.php\/wp-json\/wp\/v2\/posts\/601"}],"collection":[{"href":"https:\/\/gobiernoescolar.colegiolossamanes.edu.co\/index.php\/wp-json\/wp\/v2\/posts"}],"about":[{"href":"https:\/\/gobiernoescolar.colegiolossamanes.edu.co\/index.php\/wp-json\/wp\/v2\/types\/post"}],"author":[{"embeddable":true,"href":"https:\/\/gobiernoescolar.colegiolossamanes.edu.co\/index.php\/wp-json\/wp\/v2\/users\/5"}],"replies":[{"embeddable":true,"href":"https:\/\/gobiernoescolar.colegiolossamanes.edu.co\/index.php\/wp-json\/wp\/v2\/comments?post=601"}],"version-history":[{"count":1,"href":"https:\/\/gobiernoescolar.colegiolossamanes.edu.co\/index.php\/wp-json\/wp\/v2\/posts\/601\/revisions"}],"predecessor-version":[{"id":609,"href":"https:\/\/gobiernoescolar.colegiolossamanes.edu.co\/index.php\/wp-json\/wp\/v2\/posts\/601\/revisions\/609"}],"wp:attachment":[{"href":"https:\/\/gobiernoescolar.colegiolossamanes.edu.co\/index.php\/wp-json\/wp\/v2\/media?parent=601"}],"wp:term":[{"taxonomy":"category","embeddable":true,"href":"https:\/\/gobiernoescolar.colegiolossamanes.edu.co\/index.php\/wp-json\/wp\/v2\/categories?post=601"},{"taxonomy":"post_tag","embeddable":true,"href":"https:\/\/gobiernoescolar.colegiolossamanes.edu.co\/index.php\/wp-json\/wp\/v2\/tags?post=601"}],"curies":[{"name":"wp","href":"https:\/\/api.w.org\/{rel}","templated":true}]}}