{"id":551,"date":"2025-06-12T20:45:00","date_gmt":"2025-06-12T20:45:00","guid":{"rendered":"https:\/\/gobiernoescolar.colegiolossamanes.edu.co\/?p=551"},"modified":"2026-02-20T19:10:33","modified_gmt":"2026-02-20T19:10:33","slug":"comite-de-cultura","status":"publish","type":"post","link":"https:\/\/gobiernoescolar.colegiolossamanes.edu.co\/index.php\/2025\/06\/12\/comite-de-cultura\/","title":{"rendered":"Comit\u00e9 de Cultura"},"content":{"rendered":"\n<p>Los comit\u00e9s son espacios de participaci\u00f3n activa y corresponsabilidad, donde los estudiantes pueden ejercer su derecho a la organizaci\u00f3n y representaci\u00f3n, canalizando sus propuestas, necesidades e inquietudes en beneficio de la comunidad educativa. A trav\u00e9s de estos espacios, se promueve el liderazgo, el trabajo en equipo, el pensamiento cr\u00edtico y el compromiso ciudadano.<\/p>\n\n\n\n<ol><li><strong>Coordinaci\u00f3n del Comit\u00e9:<\/strong><\/li><\/ol>\n\n\n\n<ul><li>El <strong>coordinador<\/strong> de este comit\u00e9, por derecho propio, ser\u00e1 el <strong>representante del curso de grado 11<\/strong> que no haya sido elegido como representante de los estudiantes ante el Consejo Directivo.<\/li><li>El <strong>subcoordinador<\/strong>, por derecho propio, ser\u00e1 el <strong>Personero Estudiantil<\/strong>.<\/li><\/ul>\n\n\n\n<p>2. <strong>Funciones del Comit\u00e9 de Cultura:<\/strong><\/p>\n\n\n\n<p>2.1. <strong>Apoyar a la Personer\u00eda Estudiantil<\/strong> en el cumplimiento y desarrollo de sus propuestas culturales y sociales.<\/p>\n\n\n\n<p>2.2. <strong>Contribuir en la organizaci\u00f3n de eventos sociales, deportivos, culturales y art\u00edsticos<\/strong>, enmarcados dentro de la programaci\u00f3n institucional.<\/p>\n\n\n\n<p>2.3. <strong>Dise\u00f1ar estrategias que fortalezcan la identidad Samanista<\/strong>, promoviendo el sentido de pertenencia, los valores institucionales y la participaci\u00f3n activa de la comunidad educativa.<\/p>\n\n\n\n<p>2.4. <strong>Proponer y ejecutar actividades culturales, l\u00fadicas y sociales<\/strong> que favorezcan la integraci\u00f3n, el respeto por la diversidad y el fortalecimiento de la convivencia escolar.<\/p>\n\n\n\n<p>2.5. <strong>Colaborar activamente en las actividades lideradas por la promoci\u00f3n vigente<\/strong>, apoyando su planeaci\u00f3n y ejecuci\u00f3n para el beneficio de toda la comunidad.<\/p>\n\n\n\n<p><em>El comit\u00e9 est\u00e1 compuesto por los siguientes estudiantes:<\/em><\/p>\n\n\n\n<div class=\"wp-block-columns\">\n<div class=\"wp-block-column\" style=\"flex-basis:100%\">\n<div class=\"wp-block-columns\">\n<div class=\"wp-block-column\" style=\"flex-basis:100%\">\n<figure class=\"wp-block-table is-style-stripes\"><table><tbody><tr><td class=\"has-text-align-center\" data-align=\"center\"><strong>Cargo<\/strong><\/td><td>              <strong>Nombre del Estudiante<\/strong><\/td><\/tr><tr><td class=\"has-text-align-center\" data-align=\"center\"><strong>Coordinador(a)<\/strong><\/td><td><\/td><\/tr><tr><td class=\"has-text-align-center\" data-align=\"center\"><strong>Subcoordinador(a)<\/strong><\/td><td><\/td><\/tr><tr><td class=\"has-text-align-center\" data-align=\"center\"><strong>Miembro<\/strong><\/td><td><\/td><\/tr><tr><td class=\"has-text-align-center\" data-align=\"center\"><strong>Miembro<\/strong><\/td><td><\/td><\/tr><tr><td class=\"has-text-align-center\" data-align=\"center\"><strong>Miembro<\/strong><\/td><td><\/td><\/tr><\/tbody><\/table><\/figure>\n<\/div>\n<\/div>\n<\/div>\n<\/div>\n","protected":false},"excerpt":{"rendered":"<p>Los comit\u00e9s son espacios de participaci\u00f3n activa y corresponsabilidad, donde los estudiantes pueden ejercer su derecho a la organizaci\u00f3n y representaci\u00f3n, canalizando sus propuestas, necesidades e inquietudes en beneficio de la comunidad educativa. A trav\u00e9s de estos espacios, se promueve el liderazgo, el trabajo en equipo, el pensamiento cr\u00edtico y el compromiso ciudadano. Coordinaci\u00f3n del&#8230;<\/p>\n","protected":false},"author":5,"featured_media":0,"comment_status":"open","ping_status":"open","sticky":false,"template":"","format":"standard","meta":{"_kad_post_transparent":"","_kad_post_title":"","_kad_post_layout":"","_kad_post_sidebar_id":"","_kad_post_content_style":"","_kad_post_vertical_padding":"","_kad_post_feature":"","_kad_post_feature_position":"","_kad_post_header":false,"_kad_post_footer":false},"categories":[9],"tags":[],"_links":{"self":[{"href":"https:\/\/gobiernoescolar.colegiolossamanes.edu.co\/index.php\/wp-json\/wp\/v2\/posts\/551"}],"collection":[{"href":"https:\/\/gobiernoescolar.colegiolossamanes.edu.co\/index.php\/wp-json\/wp\/v2\/posts"}],"about":[{"href":"https:\/\/gobiernoescolar.colegiolossamanes.edu.co\/index.php\/wp-json\/wp\/v2\/types\/post"}],"author":[{"embeddable":true,"href":"https:\/\/gobiernoescolar.colegiolossamanes.edu.co\/index.php\/wp-json\/wp\/v2\/users\/5"}],"replies":[{"embeddable":true,"href":"https:\/\/gobiernoescolar.colegiolossamanes.edu.co\/index.php\/wp-json\/wp\/v2\/comments?post=551"}],"version-history":[{"count":5,"href":"https:\/\/gobiernoescolar.colegiolossamanes.edu.co\/index.php\/wp-json\/wp\/v2\/posts\/551\/revisions"}],"predecessor-version":[{"id":603,"href":"https:\/\/gobiernoescolar.colegiolossamanes.edu.co\/index.php\/wp-json\/wp\/v2\/posts\/551\/revisions\/603"}],"wp:attachment":[{"href":"https:\/\/gobiernoescolar.colegiolossamanes.edu.co\/index.php\/wp-json\/wp\/v2\/media?parent=551"}],"wp:term":[{"taxonomy":"category","embeddable":true,"href":"https:\/\/gobiernoescolar.colegiolossamanes.edu.co\/index.php\/wp-json\/wp\/v2\/categories?post=551"},{"taxonomy":"post_tag","embeddable":true,"href":"https:\/\/gobiernoescolar.colegiolossamanes.edu.co\/index.php\/wp-json\/wp\/v2\/tags?post=551"}],"curies":[{"name":"wp","href":"https:\/\/api.w.org\/{rel}","templated":true}]}}