{"id":392,"date":"2025-01-18T23:02:30","date_gmt":"2025-01-18T23:02:30","guid":{"rendered":"https:\/\/gobiernoescolar.colegiolossamanes.edu.co\/?p=392"},"modified":"2025-04-22T14:14:23","modified_gmt":"2025-04-22T14:14:23","slug":"galeria-de-lideres-estudiantiles-del-colegio-los-samanes","status":"publish","type":"post","link":"https:\/\/gobiernoescolar.colegiolossamanes.edu.co\/index.php\/2025\/01\/18\/galeria-de-lideres-estudiantiles-del-colegio-los-samanes\/","title":{"rendered":"&#8220;Galer\u00eda de L\u00edderes Estudiantiles del Colegio Los Samanes&#8221;"},"content":{"rendered":"\n<p class=\"has-text-align-center\"><em>Es importante contar con una <strong>Galer\u00eda de Personeros del Colegio Los Samanes<\/strong> porque representa un homenaje al compromiso y liderazgo de los estudiantes que han asumido el desaf\u00edo de ser los voceros y representantes de su comunidad. Esta galer\u00eda no solo sirve como un recordatorio de su contribuci\u00f3n al desarrollo de un ambiente democr\u00e1tico y participativo dentro del colegio, sino que tambi\u00e9n inspira a futuras generaciones a asumir roles de responsabilidad y liderazgo. Adem\u00e1s, fomenta el sentido de pertenencia y orgullo en la instituci\u00f3n, mostrando el legado de aquellos que han trabajado por el bienestar com\u00fan de todos los estudiantes.<\/em><\/p>\n\n\n\n<figure class=\"wp-block-image size-large\"><img loading=\"lazy\" width=\"1024\" height=\"683\" src=\"https:\/\/gobiernoescolar.colegiolossamanes.edu.co\/wp-content\/uploads\/2025\/03\/Personero-2-1024x683.jpg\" alt=\"\" class=\"wp-image-429\" srcset=\"https:\/\/gobiernoescolar.colegiolossamanes.edu.co\/wp-content\/uploads\/2025\/03\/Personero-2-1024x683.jpg 1024w, https:\/\/gobiernoescolar.colegiolossamanes.edu.co\/wp-content\/uploads\/2025\/03\/Personero-2-300x200.jpg 300w, https:\/\/gobiernoescolar.colegiolossamanes.edu.co\/wp-content\/uploads\/2025\/03\/Personero-2-768x512.jpg 768w, https:\/\/gobiernoescolar.colegiolossamanes.edu.co\/wp-content\/uploads\/2025\/03\/Personero-2-1536x1024.jpg 1536w, https:\/\/gobiernoescolar.colegiolossamanes.edu.co\/wp-content\/uploads\/2025\/03\/Personero-2.jpg 2048w\" sizes=\"(max-width: 1024px) 100vw, 1024px\" \/><figcaption>Personero a\u00f1o 2025<br><strong>Isaac Samuel Rodr\u00edguez <\/strong><\/figcaption><\/figure>\n\n\n\n<figure class=\"wp-block-image size-large\"><img loading=\"lazy\" width=\"1024\" height=\"683\" src=\"https:\/\/gobiernoescolar.colegiolossamanes.edu.co\/wp-content\/uploads\/2025\/01\/Personeria-2024-1024x683.jpg\" alt=\"\" class=\"wp-image-396\" srcset=\"https:\/\/gobiernoescolar.colegiolossamanes.edu.co\/wp-content\/uploads\/2025\/01\/Personeria-2024-1024x683.jpg 1024w, https:\/\/gobiernoescolar.colegiolossamanes.edu.co\/wp-content\/uploads\/2025\/01\/Personeria-2024-300x200.jpg 300w, https:\/\/gobiernoescolar.colegiolossamanes.edu.co\/wp-content\/uploads\/2025\/01\/Personeria-2024-768x512.jpg 768w, https:\/\/gobiernoescolar.colegiolossamanes.edu.co\/wp-content\/uploads\/2025\/01\/Personeria-2024-1536x1024.jpg 1536w, https:\/\/gobiernoescolar.colegiolossamanes.edu.co\/wp-content\/uploads\/2025\/01\/Personeria-2024.jpg 2048w\" sizes=\"(max-width: 1024px) 100vw, 1024px\" \/><figcaption>Personera a\u00f1o 2024<br><strong>Mar\u00eda Paz Ruiz D\u00e1vila<\/strong><\/figcaption><\/figure>\n\n\n\n<figure class=\"wp-block-image size-large\"><img loading=\"lazy\" width=\"1024\" height=\"683\" src=\"https:\/\/gobiernoescolar.colegiolossamanes.edu.co\/wp-content\/uploads\/2025\/01\/Personeria-2023-1024x683.jpg\" alt=\"\" class=\"wp-image-395\" srcset=\"https:\/\/gobiernoescolar.colegiolossamanes.edu.co\/wp-content\/uploads\/2025\/01\/Personeria-2023-1024x683.jpg 1024w, https:\/\/gobiernoescolar.colegiolossamanes.edu.co\/wp-content\/uploads\/2025\/01\/Personeria-2023-300x200.jpg 300w, https:\/\/gobiernoescolar.colegiolossamanes.edu.co\/wp-content\/uploads\/2025\/01\/Personeria-2023-768x512.jpg 768w, https:\/\/gobiernoescolar.colegiolossamanes.edu.co\/wp-content\/uploads\/2025\/01\/Personeria-2023-1536x1024.jpg 1536w, https:\/\/gobiernoescolar.colegiolossamanes.edu.co\/wp-content\/uploads\/2025\/01\/Personeria-2023.jpg 2048w\" sizes=\"(max-width: 1024px) 100vw, 1024px\" \/><figcaption>Personera a\u00f1o 2023<br><strong>Manuela Estrada.<\/strong> <\/figcaption><\/figure>\n\n\n\n<figure class=\"wp-block-image size-large\"><img loading=\"lazy\" width=\"1024\" height=\"683\" src=\"https:\/\/gobiernoescolar.colegiolossamanes.edu.co\/wp-content\/uploads\/2025\/04\/IMG_0895-2-1024x683.png\" alt=\"\" class=\"wp-image-462\" srcset=\"https:\/\/gobiernoescolar.colegiolossamanes.edu.co\/wp-content\/uploads\/2025\/04\/IMG_0895-2-1024x683.png 1024w, https:\/\/gobiernoescolar.colegiolossamanes.edu.co\/wp-content\/uploads\/2025\/04\/IMG_0895-2-300x200.png 300w, https:\/\/gobiernoescolar.colegiolossamanes.edu.co\/wp-content\/uploads\/2025\/04\/IMG_0895-2-768x512.png 768w, https:\/\/gobiernoescolar.colegiolossamanes.edu.co\/wp-content\/uploads\/2025\/04\/IMG_0895-2-1536x1024.png 1536w, https:\/\/gobiernoescolar.colegiolossamanes.edu.co\/wp-content\/uploads\/2025\/04\/IMG_0895-2-2048x1365.png 2048w\" sizes=\"(max-width: 1024px) 100vw, 1024px\" \/><figcaption>Personera a\u00f1o 2022<br>\ud835\udded\ud835\uddee\ud835\uddf5\ud835\uddf6\ud835\uddff\ud835\uddee \ud835\udde5\ud835\uddfc\ud835\uddf7\ud835\uddee\ud835\ude00 \ud835\udded\ud835\uddee\ud835\uddfa\ud835\uddef\ud835\uddff\ud835\uddee\ud835\uddfb\ud835\uddfc<\/figcaption><\/figure>\n","protected":false},"excerpt":{"rendered":"<p>Es importante contar con una Galer\u00eda de Personeros del Colegio Los Samanes porque representa un homenaje al compromiso y liderazgo de los estudiantes que han asumido el desaf\u00edo de ser los voceros y representantes de su comunidad. Esta galer\u00eda no solo sirve como un recordatorio de su contribuci\u00f3n al desarrollo de un ambiente democr\u00e1tico y&#8230;<\/p>\n","protected":false},"author":5,"featured_media":0,"comment_status":"open","ping_status":"open","sticky":false,"template":"","format":"standard","meta":{"_kad_post_transparent":"","_kad_post_title":"","_kad_post_layout":"","_kad_post_sidebar_id":"","_kad_post_content_style":"","_kad_post_vertical_padding":"","_kad_post_feature":"","_kad_post_feature_position":"","_kad_post_header":false,"_kad_post_footer":false},"categories":[7],"tags":[],"_links":{"self":[{"href":"https:\/\/gobiernoescolar.colegiolossamanes.edu.co\/index.php\/wp-json\/wp\/v2\/posts\/392"}],"collection":[{"href":"https:\/\/gobiernoescolar.colegiolossamanes.edu.co\/index.php\/wp-json\/wp\/v2\/posts"}],"about":[{"href":"https:\/\/gobiernoescolar.colegiolossamanes.edu.co\/index.php\/wp-json\/wp\/v2\/types\/post"}],"author":[{"embeddable":true,"href":"https:\/\/gobiernoescolar.colegiolossamanes.edu.co\/index.php\/wp-json\/wp\/v2\/users\/5"}],"replies":[{"embeddable":true,"href":"https:\/\/gobiernoescolar.colegiolossamanes.edu.co\/index.php\/wp-json\/wp\/v2\/comments?post=392"}],"version-history":[{"count":6,"href":"https:\/\/gobiernoescolar.colegiolossamanes.edu.co\/index.php\/wp-json\/wp\/v2\/posts\/392\/revisions"}],"predecessor-version":[{"id":463,"href":"https:\/\/gobiernoescolar.colegiolossamanes.edu.co\/index.php\/wp-json\/wp\/v2\/posts\/392\/revisions\/463"}],"wp:attachment":[{"href":"https:\/\/gobiernoescolar.colegiolossamanes.edu.co\/index.php\/wp-json\/wp\/v2\/media?parent=392"}],"wp:term":[{"taxonomy":"category","embeddable":true,"href":"https:\/\/gobiernoescolar.colegiolossamanes.edu.co\/index.php\/wp-json\/wp\/v2\/categories?post=392"},{"taxonomy":"post_tag","embeddable":true,"href":"https:\/\/gobiernoescolar.colegiolossamanes.edu.co\/index.php\/wp-json\/wp\/v2\/tags?post=392"}],"curies":[{"name":"wp","href":"https:\/\/api.w.org\/{rel}","templated":true}]}}